{"id":729,"date":"2024-03-21T11:34:01","date_gmt":"2024-03-21T11:34:01","guid":{"rendered":"https:\/\/site15.arn1103.uqat.ca\/?p=729"},"modified":"2024-04-02T13:22:33","modified_gmt":"2024-04-02T13:22:33","slug":"texte-3","status":"publish","type":"post","link":"https:\/\/site15.arn1103.uqat.ca\/index.php\/2024\/03\/21\/texte-3\/","title":{"rendered":"Texte 3"},"content":{"rendered":"\n<p>Marianne Gaudet et Allyson Goodfellow<\/p>\n\n\n\n<p>Annie Filion est en services conseils pour l\u2019utilisation des tablettes num\u00e9riques et appareils mobiles Apple en autisme et troubles d\u2019apprentissage. Elle m\u00eame, m\u00e8re de trois fils avec le TSA (trouble du spectre de l&rsquo;autism), fait un t\u00e9moignage sur les bienfaits des tablettes num\u00e9riques. <\/p>\n\n\n\n<p>Filion explique que les applications sur les tablettes \u00e9lectroniques ne sont pas seulement pour le jeu, certaines peuvent servir \u00e0 l&rsquo;\u00e9ducation et la communication. Ceux qui permettent la communication utilisent des pictogrammes pour construire et lire en \u00ab\u00a0text to speech\u00a0\u00bb la phrase donn\u00e9e par l&rsquo;enfant autiste. Il y a plusieurs bienfaits \u00e0 cette technologie. Apr\u00e8s six ans d&rsquo;utilisation de tablettes, elle constate plusieurs changements chez ses jumeaux de 14 ans.<\/p>\n\n\n\n<p>Le premier bienfait vient d&rsquo;un meuilleur d\u00e9veloppement d&rsquo;autonomie par rapport \u00e0 la routine et les t\u00e2ches. Leurs choix d&rsquo;activit\u00e9s s&rsquo;\u00e9largis aussi, les nombreuses applications incitent \u00e0 essayer de nouvelles choses et apprendre des nouveaux talents. De plus, les applications peuvent faconer des horaires, des sch\u00e9mas, des rassemblements de vid\u00e9os d&rsquo;\u00e9ducation de sc\u00e9narios, etc. Le deuxi\u00e8me est en rapport avec l&rsquo;apprentissage et la langue. Comme dit avant, il y a des applications qui servent \u00e0 communiquer avec des pictogrames avec les gens \u00e0 ses alentours. Mais il y a aussi des applications qui apprennent \u00e0 lire et \u00e9crire, puis les jeunes sont incit\u00e9s \u00e0 apprendre plus car ils ont maintenant un incentif personnel qui les poussent (les applications et l&rsquo;internet sont tous de la lecture, et les jumeaux peuvent chercher ce qu&rsquo;ils aiment quand ils savent quoi chercher et \u00e9crire).<\/p>\n\n\n<style>.wp-block-kadence-advancedheading.kt-adv-heading729_211919-ac, .wp-block-kadence-advancedheading.kt-adv-heading729_211919-ac[data-kb-block=\"kb-adv-heading729_211919-ac\"]{font-style:normal;}.wp-block-kadence-advancedheading.kt-adv-heading729_211919-ac mark.kt-highlight, .wp-block-kadence-advancedheading.kt-adv-heading729_211919-ac[data-kb-block=\"kb-adv-heading729_211919-ac\"] mark.kt-highlight{font-style:normal;color:#f76a0c;-webkit-box-decoration-break:clone;box-decoration-break:clone;padding-top:0px;padding-right:0px;padding-bottom:0px;padding-left:0px;}.wp-block-kadence-advancedheading.kt-adv-heading729_211919-ac img.kb-inline-image, .wp-block-kadence-advancedheading.kt-adv-heading729_211919-ac[data-kb-block=\"kb-adv-heading729_211919-ac\"] img.kb-inline-image{width:150px;vertical-align:baseline;}<\/style>\n<h3 class=\"kt-adv-heading729_211919-ac wp-block-kadence-advancedheading\" data-kb-block=\"kb-adv-heading729_211919-ac\">Bibliographie<\/h3>\n\n\n\n<p>Filion, A. et Paquin, P. (2017).  Autisme au quotidien, technologie. chu Saint-Justine. <a href=\"https:\/\/www.chusj.org\/fr\/soins-services\/T\/Trouble-du-spectre-de-l-autisme\/Outils-et-conseils\/Les-technologies\">Trouble envahissant du d\u00e9veloppement chez l&rsquo;enfant | CHU Sainte-Justine (chusj.org)<\/a> <\/p>\n","protected":false},"excerpt":{"rendered":"<p>Marianne Gaudet et Allyson Goodfellow Annie Filion est en services conseils pour l\u2019utilisation des tablettes num\u00e9riques&#8230;<\/p>\n","protected":false},"author":4,"featured_media":0,"comment_status":"open","ping_status":"closed","sticky":false,"template":"","format":"standard","meta":{"_uag_custom_page_level_css":"","_kadence_starter_templates_imported_post":false,"_kad_post_transparent":"","_kad_post_title":"","_kad_post_layout":"","_kad_post_sidebar_id":"","_kad_post_content_style":"","_kad_post_vertical_padding":"","_kad_post_feature":"","_kad_post_feature_position":"","_kad_post_header":false,"_kad_post_footer":false,"_kad_post_classname":"","footnotes":""},"categories":[31],"tags":[],"class_list":["post-729","post","type-post","status-publish","format-standard","hentry","category-semaine-2"],"yoast_head":"<!-- This site is optimized with the Yoast SEO plugin v27.5 - https:\/\/yoast.com\/product\/yoast-seo-wordpress\/ -->\n<title>Texte 3 - La technologie et la neurodiversit\u00e9<\/title>\n<meta name=\"robots\" content=\"index, follow, max-snippet:-1, max-image-preview:large, max-video-preview:-1\" \/>\n<link rel=\"canonical\" href=\"https:\/\/site15.arn1103.uqat.ca\/index.php\/2024\/03\/21\/texte-3\/\" \/>\n<meta property=\"og:locale\" content=\"fr_CA\" \/>\n<meta property=\"og:type\" content=\"article\" \/>\n<meta property=\"og:title\" content=\"Texte 3 - La technologie et la neurodiversit\u00e9\" \/>\n<meta property=\"og:description\" content=\"Marianne Gaudet et Allyson Goodfellow Annie Filion est en services conseils pour l\u2019utilisation des tablettes num\u00e9riques...\" \/>\n<meta property=\"og:url\" content=\"https:\/\/site15.arn1103.uqat.ca\/index.php\/2024\/03\/21\/texte-3\/\" \/>\n<meta property=\"og:site_name\" content=\"La technologie et la neurodiversit\u00e9\" \/>\n<meta property=\"article:published_time\" content=\"2024-03-21T11:34:01+00:00\" \/>\n<meta property=\"article:modified_time\" content=\"2024-04-02T13:22:33+00:00\" \/>\n<meta name=\"author\" content=\"Ally Good\" \/>\n<meta name=\"twitter:card\" content=\"summary_large_image\" \/>\n<meta name=\"twitter:label1\" content=\"\u00c9crit par\" \/>\n\t<meta name=\"twitter:data1\" content=\"Ally Good\" \/>\n\t<meta name=\"twitter:label2\" content=\"Estimation du temps de lecture\" \/>\n\t<meta name=\"twitter:data2\" content=\"2 minutes\" \/>\n<script type=\"application\/ld+json\" class=\"yoast-schema-graph\">{\"@context\":\"https:\\\/\\\/schema.org\",\"@graph\":[{\"@type\":\"Article\",\"@id\":\"https:\\\/\\\/site15.arn1103.uqat.ca\\\/index.php\\\/2024\\\/03\\\/21\\\/texte-3\\\/#article\",\"isPartOf\":{\"@id\":\"https:\\\/\\\/site15.arn1103.uqat.ca\\\/index.php\\\/2024\\\/03\\\/21\\\/texte-3\\\/\"},\"author\":{\"name\":\"Ally Good\",\"@id\":\"https:\\\/\\\/site15.arn1103.uqat.ca\\\/#\\\/schema\\\/person\\\/30b5d34e85ed9fc9e720e033a2551129\"},\"headline\":\"Texte 3\",\"datePublished\":\"2024-03-21T11:34:01+00:00\",\"dateModified\":\"2024-04-02T13:22:33+00:00\",\"mainEntityOfPage\":{\"@id\":\"https:\\\/\\\/site15.arn1103.uqat.ca\\\/index.php\\\/2024\\\/03\\\/21\\\/texte-3\\\/\"},\"wordCount\":302,\"commentCount\":0,\"publisher\":{\"@id\":\"https:\\\/\\\/site15.arn1103.uqat.ca\\\/#organization\"},\"articleSection\":[\"Semaine 2\"],\"inLanguage\":\"fr-CA\",\"potentialAction\":[{\"@type\":\"CommentAction\",\"name\":\"Comment\",\"target\":[\"https:\\\/\\\/site15.arn1103.uqat.ca\\\/index.php\\\/2024\\\/03\\\/21\\\/texte-3\\\/#respond\"]}]},{\"@type\":\"WebPage\",\"@id\":\"https:\\\/\\\/site15.arn1103.uqat.ca\\\/index.php\\\/2024\\\/03\\\/21\\\/texte-3\\\/\",\"url\":\"https:\\\/\\\/site15.arn1103.uqat.ca\\\/index.php\\\/2024\\\/03\\\/21\\\/texte-3\\\/\",\"name\":\"Texte 3 - La technologie et la neurodiversit\u00e9\",\"isPartOf\":{\"@id\":\"https:\\\/\\\/site15.arn1103.uqat.ca\\\/#website\"},\"datePublished\":\"2024-03-21T11:34:01+00:00\",\"dateModified\":\"2024-04-02T13:22:33+00:00\",\"breadcrumb\":{\"@id\":\"https:\\\/\\\/site15.arn1103.uqat.ca\\\/index.php\\\/2024\\\/03\\\/21\\\/texte-3\\\/#breadcrumb\"},\"inLanguage\":\"fr-CA\",\"potentialAction\":[{\"@type\":\"ReadAction\",\"target\":[\"https:\\\/\\\/site15.arn1103.uqat.ca\\\/index.php\\\/2024\\\/03\\\/21\\\/texte-3\\\/\"]}]},{\"@type\":\"BreadcrumbList\",\"@id\":\"https:\\\/\\\/site15.arn1103.uqat.ca\\\/index.php\\\/2024\\\/03\\\/21\\\/texte-3\\\/#breadcrumb\",\"itemListElement\":[{\"@type\":\"ListItem\",\"position\":1,\"name\":\"Accueil\",\"item\":\"https:\\\/\\\/site15.arn1103.uqat.ca\\\/\"},{\"@type\":\"ListItem\",\"position\":2,\"name\":\"Texte 3\"}]},{\"@type\":\"WebSite\",\"@id\":\"https:\\\/\\\/site15.arn1103.uqat.ca\\\/#website\",\"url\":\"https:\\\/\\\/site15.arn1103.uqat.ca\\\/\",\"name\":\"La technologie et la neurodiversit\u00e9\",\"description\":\"\",\"publisher\":{\"@id\":\"https:\\\/\\\/site15.arn1103.uqat.ca\\\/#organization\"},\"potentialAction\":[{\"@type\":\"SearchAction\",\"target\":{\"@type\":\"EntryPoint\",\"urlTemplate\":\"https:\\\/\\\/site15.arn1103.uqat.ca\\\/?s={search_term_string}\"},\"query-input\":{\"@type\":\"PropertyValueSpecification\",\"valueRequired\":true,\"valueName\":\"search_term_string\"}}],\"inLanguage\":\"fr-CA\"},{\"@type\":\"Organization\",\"@id\":\"https:\\\/\\\/site15.arn1103.uqat.ca\\\/#organization\",\"name\":\"La technologie et la neurodiversit\u00e9\",\"url\":\"https:\\\/\\\/site15.arn1103.uqat.ca\\\/\",\"logo\":{\"@type\":\"ImageObject\",\"inLanguage\":\"fr-CA\",\"@id\":\"https:\\\/\\\/site15.arn1103.uqat.ca\\\/#\\\/schema\\\/logo\\\/image\\\/\",\"url\":\"https:\\\/\\\/site15.arn1103.uqat.ca\\\/wp-content\\\/uploads\\\/2024\\\/01\\\/cropped-3.png\",\"contentUrl\":\"https:\\\/\\\/site15.arn1103.uqat.ca\\\/wp-content\\\/uploads\\\/2024\\\/01\\\/cropped-3.png\",\"width\":1000,\"height\":1000,\"caption\":\"La technologie et la neurodiversit\u00e9\"},\"image\":{\"@id\":\"https:\\\/\\\/site15.arn1103.uqat.ca\\\/#\\\/schema\\\/logo\\\/image\\\/\"}},{\"@type\":\"Person\",\"@id\":\"https:\\\/\\\/site15.arn1103.uqat.ca\\\/#\\\/schema\\\/person\\\/30b5d34e85ed9fc9e720e033a2551129\",\"name\":\"Ally Good\",\"image\":{\"@type\":\"ImageObject\",\"inLanguage\":\"fr-CA\",\"@id\":\"https:\\\/\\\/secure.gravatar.com\\\/avatar\\\/388637e27e7865e00d1768d20266373d93bd25bd40e9490f6404d2c40b257ad1?s=96&d=mm&r=g\",\"url\":\"https:\\\/\\\/secure.gravatar.com\\\/avatar\\\/388637e27e7865e00d1768d20266373d93bd25bd40e9490f6404d2c40b257ad1?s=96&d=mm&r=g\",\"contentUrl\":\"https:\\\/\\\/secure.gravatar.com\\\/avatar\\\/388637e27e7865e00d1768d20266373d93bd25bd40e9490f6404d2c40b257ad1?s=96&d=mm&r=g\",\"caption\":\"Ally Good\"},\"url\":\"https:\\\/\\\/site15.arn1103.uqat.ca\\\/index.php\\\/author\\\/gooa\\\/\"}]}<\/script>\n<!-- \/ Yoast SEO plugin. -->","yoast_head_json":{"title":"Texte 3 - La technologie et la neurodiversit\u00e9","robots":{"index":"index","follow":"follow","max-snippet":"max-snippet:-1","max-image-preview":"max-image-preview:large","max-video-preview":"max-video-preview:-1"},"canonical":"https:\/\/site15.arn1103.uqat.ca\/index.php\/2024\/03\/21\/texte-3\/","og_locale":"fr_CA","og_type":"article","og_title":"Texte 3 - La technologie et la neurodiversit\u00e9","og_description":"Marianne Gaudet et Allyson Goodfellow Annie Filion est en services conseils pour l\u2019utilisation des tablettes num\u00e9riques...","og_url":"https:\/\/site15.arn1103.uqat.ca\/index.php\/2024\/03\/21\/texte-3\/","og_site_name":"La technologie et la neurodiversit\u00e9","article_published_time":"2024-03-21T11:34:01+00:00","article_modified_time":"2024-04-02T13:22:33+00:00","author":"Ally Good","twitter_card":"summary_large_image","twitter_misc":{"\u00c9crit par":"Ally Good","Estimation du temps de lecture":"2 minutes"},"schema":{"@context":"https:\/\/schema.org","@graph":[{"@type":"Article","@id":"https:\/\/site15.arn1103.uqat.ca\/index.php\/2024\/03\/21\/texte-3\/#article","isPartOf":{"@id":"https:\/\/site15.arn1103.uqat.ca\/index.php\/2024\/03\/21\/texte-3\/"},"author":{"name":"Ally Good","@id":"https:\/\/site15.arn1103.uqat.ca\/#\/schema\/person\/30b5d34e85ed9fc9e720e033a2551129"},"headline":"Texte 3","datePublished":"2024-03-21T11:34:01+00:00","dateModified":"2024-04-02T13:22:33+00:00","mainEntityOfPage":{"@id":"https:\/\/site15.arn1103.uqat.ca\/index.php\/2024\/03\/21\/texte-3\/"},"wordCount":302,"commentCount":0,"publisher":{"@id":"https:\/\/site15.arn1103.uqat.ca\/#organization"},"articleSection":["Semaine 2"],"inLanguage":"fr-CA","potentialAction":[{"@type":"CommentAction","name":"Comment","target":["https:\/\/site15.arn1103.uqat.ca\/index.php\/2024\/03\/21\/texte-3\/#respond"]}]},{"@type":"WebPage","@id":"https:\/\/site15.arn1103.uqat.ca\/index.php\/2024\/03\/21\/texte-3\/","url":"https:\/\/site15.arn1103.uqat.ca\/index.php\/2024\/03\/21\/texte-3\/","name":"Texte 3 - La technologie et la neurodiversit\u00e9","isPartOf":{"@id":"https:\/\/site15.arn1103.uqat.ca\/#website"},"datePublished":"2024-03-21T11:34:01+00:00","dateModified":"2024-04-02T13:22:33+00:00","breadcrumb":{"@id":"https:\/\/site15.arn1103.uqat.ca\/index.php\/2024\/03\/21\/texte-3\/#breadcrumb"},"inLanguage":"fr-CA","potentialAction":[{"@type":"ReadAction","target":["https:\/\/site15.arn1103.uqat.ca\/index.php\/2024\/03\/21\/texte-3\/"]}]},{"@type":"BreadcrumbList","@id":"https:\/\/site15.arn1103.uqat.ca\/index.php\/2024\/03\/21\/texte-3\/#breadcrumb","itemListElement":[{"@type":"ListItem","position":1,"name":"Accueil","item":"https:\/\/site15.arn1103.uqat.ca\/"},{"@type":"ListItem","position":2,"name":"Texte 3"}]},{"@type":"WebSite","@id":"https:\/\/site15.arn1103.uqat.ca\/#website","url":"https:\/\/site15.arn1103.uqat.ca\/","name":"La technologie et la neurodiversit\u00e9","description":"","publisher":{"@id":"https:\/\/site15.arn1103.uqat.ca\/#organization"},"potentialAction":[{"@type":"SearchAction","target":{"@type":"EntryPoint","urlTemplate":"https:\/\/site15.arn1103.uqat.ca\/?s={search_term_string}"},"query-input":{"@type":"PropertyValueSpecification","valueRequired":true,"valueName":"search_term_string"}}],"inLanguage":"fr-CA"},{"@type":"Organization","@id":"https:\/\/site15.arn1103.uqat.ca\/#organization","name":"La technologie et la neurodiversit\u00e9","url":"https:\/\/site15.arn1103.uqat.ca\/","logo":{"@type":"ImageObject","inLanguage":"fr-CA","@id":"https:\/\/site15.arn1103.uqat.ca\/#\/schema\/logo\/image\/","url":"https:\/\/site15.arn1103.uqat.ca\/wp-content\/uploads\/2024\/01\/cropped-3.png","contentUrl":"https:\/\/site15.arn1103.uqat.ca\/wp-content\/uploads\/2024\/01\/cropped-3.png","width":1000,"height":1000,"caption":"La technologie et la neurodiversit\u00e9"},"image":{"@id":"https:\/\/site15.arn1103.uqat.ca\/#\/schema\/logo\/image\/"}},{"@type":"Person","@id":"https:\/\/site15.arn1103.uqat.ca\/#\/schema\/person\/30b5d34e85ed9fc9e720e033a2551129","name":"Ally Good","image":{"@type":"ImageObject","inLanguage":"fr-CA","@id":"https:\/\/secure.gravatar.com\/avatar\/388637e27e7865e00d1768d20266373d93bd25bd40e9490f6404d2c40b257ad1?s=96&d=mm&r=g","url":"https:\/\/secure.gravatar.com\/avatar\/388637e27e7865e00d1768d20266373d93bd25bd40e9490f6404d2c40b257ad1?s=96&d=mm&r=g","contentUrl":"https:\/\/secure.gravatar.com\/avatar\/388637e27e7865e00d1768d20266373d93bd25bd40e9490f6404d2c40b257ad1?s=96&d=mm&r=g","caption":"Ally Good"},"url":"https:\/\/site15.arn1103.uqat.ca\/index.php\/author\/gooa\/"}]}},"uagb_featured_image_src":{"full":false,"thumbnail":false,"medium":false,"medium_large":false,"large":false,"1536x1536":false,"2048x2048":false},"uagb_author_info":{"display_name":"Ally Good","author_link":"https:\/\/site15.arn1103.uqat.ca\/index.php\/author\/gooa\/"},"uagb_comment_info":0,"uagb_excerpt":"Marianne Gaudet et Allyson Goodfellow Annie Filion est en services conseils pour l\u2019utilisation des tablettes num\u00e9riques...","_links":{"self":[{"href":"https:\/\/site15.arn1103.uqat.ca\/index.php\/wp-json\/wp\/v2\/posts\/729","targetHints":{"allow":["GET"]}}],"collection":[{"href":"https:\/\/site15.arn1103.uqat.ca\/index.php\/wp-json\/wp\/v2\/posts"}],"about":[{"href":"https:\/\/site15.arn1103.uqat.ca\/index.php\/wp-json\/wp\/v2\/types\/post"}],"author":[{"embeddable":true,"href":"https:\/\/site15.arn1103.uqat.ca\/index.php\/wp-json\/wp\/v2\/users\/4"}],"replies":[{"embeddable":true,"href":"https:\/\/site15.arn1103.uqat.ca\/index.php\/wp-json\/wp\/v2\/comments?post=729"}],"version-history":[{"count":4,"href":"https:\/\/site15.arn1103.uqat.ca\/index.php\/wp-json\/wp\/v2\/posts\/729\/revisions"}],"predecessor-version":[{"id":738,"href":"https:\/\/site15.arn1103.uqat.ca\/index.php\/wp-json\/wp\/v2\/posts\/729\/revisions\/738"}],"wp:attachment":[{"href":"https:\/\/site15.arn1103.uqat.ca\/index.php\/wp-json\/wp\/v2\/media?parent=729"}],"wp:term":[{"taxonomy":"category","embeddable":true,"href":"https:\/\/site15.arn1103.uqat.ca\/index.php\/wp-json\/wp\/v2\/categories?post=729"},{"taxonomy":"post_tag","embeddable":true,"href":"https:\/\/site15.arn1103.uqat.ca\/index.php\/wp-json\/wp\/v2\/tags?post=729"}],"curies":[{"name":"wp","href":"https:\/\/api.w.org\/{rel}","templated":true}]}}