{"id":707,"date":"2024-02-07T00:49:15","date_gmt":"2024-02-07T00:49:15","guid":{"rendered":"https:\/\/site15.arn1103.uqat.ca\/?p=707"},"modified":"2024-04-07T20:08:01","modified_gmt":"2024-04-07T20:08:01","slug":"6-fevrier-2024","status":"publish","type":"post","link":"https:\/\/site15.arn1103.uqat.ca\/index.php\/2024\/02\/07\/6-fevrier-2024\/","title":{"rendered":"Semaine 1 &#8211; Rosalie"},"content":{"rendered":"\n<p><strong>Les avantages des outils num\u00e9riques<\/strong><\/p>\n\n\n\n<p>Les outils technologiques sont pour les personnes atteintes d\u2019un trouble du spectre de l\u2019autisme tr\u00e8s b\u00e9n\u00e9fiques \u00e0 plusieurs niveaux. En effet, certaines \u00e9tudes d\u00e9montrent que les enfants apprennent mieux d\u2019un enseignement fait par ordinateur que par un enseignement physique. En plus, elles d\u00e9montrent que l\u2019enfant a plus de motivation dans ses apprentissages et il appr\u00e9cie les davantage. Il y a plusieurs raisons qui peuvent expliquer ce fait, notamment que les t\u00e2ches sur l\u2019ordinateur sont claires  et d\u00e9finies. De plus, elles focalisent l\u2019attention et r\u00e9duisent les stimulies sensoriels. De plus, l\u2019utilisation de programme informatique ne demande pas de comp\u00e9tences sociales. Contrairement \u00e0 la communication humaine, l\u2019utilisation d\u2019interfaces repose sur des codes visuels. (C. Grossard et O Grynszpan, 2015, 69 \u00e0 72)\u00a0<\/p>\n\n\n\n<p><strong>Les d\u00e9savantage des outils num\u00e9rique&nbsp;<\/strong><\/p>\n\n\n\n<p>Cependant, il est important de prendre en consid\u00e9ration certains d\u00e9savantages, notamment au niveau des risques d\u2019utilisation excessive et de l\u2019isolation sociale que cela pourrait apporter. (C. Grossard et O Grynszpan, 2015, 70)<\/p>\n\n\n\n<p><strong>Assistance pour la vie quotidienne&nbsp;<\/strong><\/p>\n\n\n\n<p>Une des difficult\u00e9s souvent rencontr\u00e9e par les enfants atteints du TSA est la planification de l\u2019horaire quotidien. Plusieurs applications ont \u00e9t\u00e9 d\u00e9velopp\u00e9 pour aider l\u2019enfant \u00e0 organiser son emploi du temps \u00e0 l\u2019aide d\u2019un calendrier interactif et imag\u00e9. (C. Grossard et O Grynszpan, 2015, 71)<\/p>\n\n\n\n<p><strong>Assistance pour le langage&nbsp;<\/strong><\/p>\n\n\n\n<p>Un des outils qui est tr\u00e8s utile pour une personne ayant un trouble du spectre de l\u2019autisme est celui qui utilise la communication alternative ou augment\u00e9e (CAA).\u00a0\u00a0C\u2019est un outil qui aide la personne \u00e0 s\u2019exprimer oralement. Par exemple, la synth\u00e8se vocale peut \u00e9noncer des mots ou des phrases qui sont associ\u00e9s \u00e0 des images graphiques. Il y a des nombreuses applications qui sont d\u00e9velopp\u00e9es et qui sont facilement accessibles \u00e0 partir de t\u00e9l\u00e9phones mobiles ou de tablettes intelligentes comme Boardmaker ou Proloquo2Go. (C. Grossard et O Grynszpan, 2015, 71-72).<\/p>\n\n\n\n<p><strong>L\u2019apprentissage<\/strong><\/p>\n\n\n\n<p>Les personnes atteintes d\u2019un TSA ont une capacit\u00e9 \u00e0 apprendre diff\u00e9rente que les neurotypique. Des technologies peuvent pallier ce \u00ab\u00a0manque\u00a0\u00bb pour aider \u00e0 d\u00e9velopper certaines comp\u00e9tences. Il est important que les d\u00e9veloppeurs de ces outils technologiques prennent en consid\u00e9ration la fa\u00e7on \u00ab\u00a0Atypique\u00a0\u00bb que ces personnes ont d\u2019apprendre et de percevoir la vie. (C. Grossard et O Grynszpan, 2015, 72)<\/p>\n\n\n\n<p><strong>L\u2019apprentissage de situation sociale et \u00e9motionnelle&nbsp;<\/strong><\/p>\n\n\n\n<p>La technologie peut \u00eatre une excellente fa\u00e7on d\u2019acqu\u00e9rir des comp\u00e9tences sociales. Par exemple, des environnements de r\u00e9alit\u00e9 virtuelle peuvent \u00eatre cr\u00e9es et ils permettent d\u2019enseigner les bons comportements sociaux \u00e0 adopter dans des situations pr\u00e9cises. De plus,  l\u2019apprentissage des \u00e9motions peut \u00eatre fait \u00e0 l\u2019aide d\u2019outils technologiques. Par exemple, en observant des personnages anim\u00e9s et en nommant leurs \u00e9motions. (C. Grossard et O Grynszpan, 2015, 72 \u00e0 76)<\/p>\n\n\n\n<p><strong>&nbsp;L\u2019aide au niveau de la motricit\u00e9 motrice<\/strong><\/p>\n\n\n\n<p>La technologique peut aussi aider au niveau de la motricit\u00e9 motrice. Par exemple, l\u2019utilisation d\u2019un syst\u00e8me qui permet \u00e0 l\u2019enfant d\u2019interagir physiquement avec  un univers  virtuel projet\u00e9 \u00e0 l\u2019\u00e9cran. Avec ce syst\u00e8me, l\u2019enfant peut d\u00e9velopper sa coordination visio-motrice tout en \u00e9tant stimul\u00e9 et int\u00e9ress\u00e9.\u00a0<\/p>\n\n\n\n<p>De plus, l\u2019utilisation des interfaces haptiques permet de stimuler les sensations sensorielles. Cette technologie permet de cr\u00e9er des sensations de chaleur ou de froid ou encore des pressions tactiles \u00e0 l\u2019aide de combinaisons (vestes, gants, couverture etc). Cette technologie, bien qu\u2019elle soit encore en \u00e9volution, pourrait \u00eatre un outil d\u2019intervention important chez une client\u00e8le TSA. En effet, elle pourrait  aider l\u2019enfant \u00e0 se calmer en cas de crise. (C. Grossard et O Grynszpan, 2015, 77)<\/p>\n\n\n\n<p><strong>Source<\/strong><\/p>\n\n\n\n<p>Grossard, Charline, et Ouriel Grynszpan. \u00ab&nbsp;Entra\u00eenement des comp\u00e9tences assist\u00e9es par les technologies num\u00e9riques dans l\u2019autisme\u202f: une revue:&nbsp;\u00bb&nbsp;<em>Enfance<\/em>&nbsp;N\u00b0 1, n<sup>o<\/sup>&nbsp;1 (1 mars 2015): 67\u201185.&nbsp;<a href=\"https:\/\/doi.org\/10.3917\/enf1.151.0067\">https:\/\/doi.org\/10.3917\/enf1.151.0067<\/a>.<\/p>\n","protected":false},"excerpt":{"rendered":"<p>Les avantages des outils num\u00e9riques Les outils technologiques sont pour les personnes atteintes d\u2019un trouble du&#8230;<\/p>\n","protected":false},"author":3,"featured_media":0,"comment_status":"open","ping_status":"closed","sticky":false,"template":"","format":"standard","meta":{"_uag_custom_page_level_css":"","_kadence_starter_templates_imported_post":false,"_kad_post_transparent":"","_kad_post_title":"","_kad_post_layout":"","_kad_post_sidebar_id":"","_kad_post_content_style":"","_kad_post_vertical_padding":"","_kad_post_feature":"","_kad_post_feature_position":"","_kad_post_header":false,"_kad_post_footer":false,"_kad_post_classname":"","footnotes":""},"categories":[30],"tags":[],"class_list":["post-707","post","type-post","status-publish","format-standard","hentry","category-semaine-1"],"yoast_head":"<!-- This site is optimized with the Yoast SEO plugin v27.5 - https:\/\/yoast.com\/product\/yoast-seo-wordpress\/ -->\n<title>Semaine 1 - Rosalie - La technologie et la neurodiversit\u00e9<\/title>\n<meta name=\"robots\" content=\"index, follow, max-snippet:-1, max-image-preview:large, max-video-preview:-1\" \/>\n<link rel=\"canonical\" href=\"https:\/\/site15.arn1103.uqat.ca\/index.php\/2024\/02\/07\/6-fevrier-2024\/\" \/>\n<meta property=\"og:locale\" content=\"fr_CA\" \/>\n<meta property=\"og:type\" content=\"article\" \/>\n<meta property=\"og:title\" content=\"Semaine 1 - Rosalie - La technologie et la neurodiversit\u00e9\" \/>\n<meta property=\"og:description\" content=\"Les avantages des outils num\u00e9riques Les outils technologiques sont pour les personnes atteintes d\u2019un trouble du...\" \/>\n<meta property=\"og:url\" content=\"https:\/\/site15.arn1103.uqat.ca\/index.php\/2024\/02\/07\/6-fevrier-2024\/\" \/>\n<meta property=\"og:site_name\" content=\"La technologie et la neurodiversit\u00e9\" \/>\n<meta property=\"article:published_time\" content=\"2024-02-07T00:49:15+00:00\" \/>\n<meta property=\"article:modified_time\" content=\"2024-04-07T20:08:01+00:00\" \/>\n<meta name=\"author\" content=\"Rosalie Moreau\" \/>\n<meta name=\"twitter:card\" content=\"summary_large_image\" \/>\n<meta name=\"twitter:label1\" content=\"\u00c9crit par\" \/>\n\t<meta name=\"twitter:data1\" content=\"Rosalie Moreau\" \/>\n\t<meta name=\"twitter:label2\" content=\"Estimation du temps de lecture\" \/>\n\t<meta name=\"twitter:data2\" content=\"4 minutes\" \/>\n<script type=\"application\/ld+json\" class=\"yoast-schema-graph\">{\"@context\":\"https:\\\/\\\/schema.org\",\"@graph\":[{\"@type\":\"Article\",\"@id\":\"https:\\\/\\\/site15.arn1103.uqat.ca\\\/index.php\\\/2024\\\/02\\\/07\\\/6-fevrier-2024\\\/#article\",\"isPartOf\":{\"@id\":\"https:\\\/\\\/site15.arn1103.uqat.ca\\\/index.php\\\/2024\\\/02\\\/07\\\/6-fevrier-2024\\\/\"},\"author\":{\"name\":\"Rosalie Moreau\",\"@id\":\"https:\\\/\\\/site15.arn1103.uqat.ca\\\/#\\\/schema\\\/person\\\/80e2dfadab9958457760b0f4440ad684\"},\"headline\":\"Semaine 1 &#8211; Rosalie\",\"datePublished\":\"2024-02-07T00:49:15+00:00\",\"dateModified\":\"2024-04-07T20:08:01+00:00\",\"mainEntityOfPage\":{\"@id\":\"https:\\\/\\\/site15.arn1103.uqat.ca\\\/index.php\\\/2024\\\/02\\\/07\\\/6-fevrier-2024\\\/\"},\"wordCount\":664,\"commentCount\":0,\"publisher\":{\"@id\":\"https:\\\/\\\/site15.arn1103.uqat.ca\\\/#organization\"},\"articleSection\":[\"Semaine 1\"],\"inLanguage\":\"fr-CA\",\"potentialAction\":[{\"@type\":\"CommentAction\",\"name\":\"Comment\",\"target\":[\"https:\\\/\\\/site15.arn1103.uqat.ca\\\/index.php\\\/2024\\\/02\\\/07\\\/6-fevrier-2024\\\/#respond\"]}]},{\"@type\":\"WebPage\",\"@id\":\"https:\\\/\\\/site15.arn1103.uqat.ca\\\/index.php\\\/2024\\\/02\\\/07\\\/6-fevrier-2024\\\/\",\"url\":\"https:\\\/\\\/site15.arn1103.uqat.ca\\\/index.php\\\/2024\\\/02\\\/07\\\/6-fevrier-2024\\\/\",\"name\":\"Semaine 1 - Rosalie - La technologie et la neurodiversit\u00e9\",\"isPartOf\":{\"@id\":\"https:\\\/\\\/site15.arn1103.uqat.ca\\\/#website\"},\"datePublished\":\"2024-02-07T00:49:15+00:00\",\"dateModified\":\"2024-04-07T20:08:01+00:00\",\"breadcrumb\":{\"@id\":\"https:\\\/\\\/site15.arn1103.uqat.ca\\\/index.php\\\/2024\\\/02\\\/07\\\/6-fevrier-2024\\\/#breadcrumb\"},\"inLanguage\":\"fr-CA\",\"potentialAction\":[{\"@type\":\"ReadAction\",\"target\":[\"https:\\\/\\\/site15.arn1103.uqat.ca\\\/index.php\\\/2024\\\/02\\\/07\\\/6-fevrier-2024\\\/\"]}]},{\"@type\":\"BreadcrumbList\",\"@id\":\"https:\\\/\\\/site15.arn1103.uqat.ca\\\/index.php\\\/2024\\\/02\\\/07\\\/6-fevrier-2024\\\/#breadcrumb\",\"itemListElement\":[{\"@type\":\"ListItem\",\"position\":1,\"name\":\"Accueil\",\"item\":\"https:\\\/\\\/site15.arn1103.uqat.ca\\\/\"},{\"@type\":\"ListItem\",\"position\":2,\"name\":\"Semaine 1 &#8211; Rosalie\"}]},{\"@type\":\"WebSite\",\"@id\":\"https:\\\/\\\/site15.arn1103.uqat.ca\\\/#website\",\"url\":\"https:\\\/\\\/site15.arn1103.uqat.ca\\\/\",\"name\":\"La technologie et la neurodiversit\u00e9\",\"description\":\"\",\"publisher\":{\"@id\":\"https:\\\/\\\/site15.arn1103.uqat.ca\\\/#organization\"},\"potentialAction\":[{\"@type\":\"SearchAction\",\"target\":{\"@type\":\"EntryPoint\",\"urlTemplate\":\"https:\\\/\\\/site15.arn1103.uqat.ca\\\/?s={search_term_string}\"},\"query-input\":{\"@type\":\"PropertyValueSpecification\",\"valueRequired\":true,\"valueName\":\"search_term_string\"}}],\"inLanguage\":\"fr-CA\"},{\"@type\":\"Organization\",\"@id\":\"https:\\\/\\\/site15.arn1103.uqat.ca\\\/#organization\",\"name\":\"La technologie et la neurodiversit\u00e9\",\"url\":\"https:\\\/\\\/site15.arn1103.uqat.ca\\\/\",\"logo\":{\"@type\":\"ImageObject\",\"inLanguage\":\"fr-CA\",\"@id\":\"https:\\\/\\\/site15.arn1103.uqat.ca\\\/#\\\/schema\\\/logo\\\/image\\\/\",\"url\":\"https:\\\/\\\/site15.arn1103.uqat.ca\\\/wp-content\\\/uploads\\\/2024\\\/01\\\/cropped-3.png\",\"contentUrl\":\"https:\\\/\\\/site15.arn1103.uqat.ca\\\/wp-content\\\/uploads\\\/2024\\\/01\\\/cropped-3.png\",\"width\":1000,\"height\":1000,\"caption\":\"La technologie et la neurodiversit\u00e9\"},\"image\":{\"@id\":\"https:\\\/\\\/site15.arn1103.uqat.ca\\\/#\\\/schema\\\/logo\\\/image\\\/\"}},{\"@type\":\"Person\",\"@id\":\"https:\\\/\\\/site15.arn1103.uqat.ca\\\/#\\\/schema\\\/person\\\/80e2dfadab9958457760b0f4440ad684\",\"name\":\"Rosalie Moreau\",\"image\":{\"@type\":\"ImageObject\",\"inLanguage\":\"fr-CA\",\"@id\":\"https:\\\/\\\/secure.gravatar.com\\\/avatar\\\/67d413811c651e81389cc3848175f0850dbc471dd73515316e12151baeac01e0?s=96&d=mm&r=g\",\"url\":\"https:\\\/\\\/secure.gravatar.com\\\/avatar\\\/67d413811c651e81389cc3848175f0850dbc471dd73515316e12151baeac01e0?s=96&d=mm&r=g\",\"contentUrl\":\"https:\\\/\\\/secure.gravatar.com\\\/avatar\\\/67d413811c651e81389cc3848175f0850dbc471dd73515316e12151baeac01e0?s=96&d=mm&r=g\",\"caption\":\"Rosalie Moreau\"},\"url\":\"https:\\\/\\\/site15.arn1103.uqat.ca\\\/index.php\\\/author\\\/rosalie-moreau\\\/\"}]}<\/script>\n<!-- \/ Yoast SEO plugin. -->","yoast_head_json":{"title":"Semaine 1 - Rosalie - La technologie et la neurodiversit\u00e9","robots":{"index":"index","follow":"follow","max-snippet":"max-snippet:-1","max-image-preview":"max-image-preview:large","max-video-preview":"max-video-preview:-1"},"canonical":"https:\/\/site15.arn1103.uqat.ca\/index.php\/2024\/02\/07\/6-fevrier-2024\/","og_locale":"fr_CA","og_type":"article","og_title":"Semaine 1 - Rosalie - La technologie et la neurodiversit\u00e9","og_description":"Les avantages des outils num\u00e9riques Les outils technologiques sont pour les personnes atteintes d\u2019un trouble du...","og_url":"https:\/\/site15.arn1103.uqat.ca\/index.php\/2024\/02\/07\/6-fevrier-2024\/","og_site_name":"La technologie et la neurodiversit\u00e9","article_published_time":"2024-02-07T00:49:15+00:00","article_modified_time":"2024-04-07T20:08:01+00:00","author":"Rosalie Moreau","twitter_card":"summary_large_image","twitter_misc":{"\u00c9crit par":"Rosalie Moreau","Estimation du temps de lecture":"4 minutes"},"schema":{"@context":"https:\/\/schema.org","@graph":[{"@type":"Article","@id":"https:\/\/site15.arn1103.uqat.ca\/index.php\/2024\/02\/07\/6-fevrier-2024\/#article","isPartOf":{"@id":"https:\/\/site15.arn1103.uqat.ca\/index.php\/2024\/02\/07\/6-fevrier-2024\/"},"author":{"name":"Rosalie Moreau","@id":"https:\/\/site15.arn1103.uqat.ca\/#\/schema\/person\/80e2dfadab9958457760b0f4440ad684"},"headline":"Semaine 1 &#8211; Rosalie","datePublished":"2024-02-07T00:49:15+00:00","dateModified":"2024-04-07T20:08:01+00:00","mainEntityOfPage":{"@id":"https:\/\/site15.arn1103.uqat.ca\/index.php\/2024\/02\/07\/6-fevrier-2024\/"},"wordCount":664,"commentCount":0,"publisher":{"@id":"https:\/\/site15.arn1103.uqat.ca\/#organization"},"articleSection":["Semaine 1"],"inLanguage":"fr-CA","potentialAction":[{"@type":"CommentAction","name":"Comment","target":["https:\/\/site15.arn1103.uqat.ca\/index.php\/2024\/02\/07\/6-fevrier-2024\/#respond"]}]},{"@type":"WebPage","@id":"https:\/\/site15.arn1103.uqat.ca\/index.php\/2024\/02\/07\/6-fevrier-2024\/","url":"https:\/\/site15.arn1103.uqat.ca\/index.php\/2024\/02\/07\/6-fevrier-2024\/","name":"Semaine 1 - Rosalie - La technologie et la neurodiversit\u00e9","isPartOf":{"@id":"https:\/\/site15.arn1103.uqat.ca\/#website"},"datePublished":"2024-02-07T00:49:15+00:00","dateModified":"2024-04-07T20:08:01+00:00","breadcrumb":{"@id":"https:\/\/site15.arn1103.uqat.ca\/index.php\/2024\/02\/07\/6-fevrier-2024\/#breadcrumb"},"inLanguage":"fr-CA","potentialAction":[{"@type":"ReadAction","target":["https:\/\/site15.arn1103.uqat.ca\/index.php\/2024\/02\/07\/6-fevrier-2024\/"]}]},{"@type":"BreadcrumbList","@id":"https:\/\/site15.arn1103.uqat.ca\/index.php\/2024\/02\/07\/6-fevrier-2024\/#breadcrumb","itemListElement":[{"@type":"ListItem","position":1,"name":"Accueil","item":"https:\/\/site15.arn1103.uqat.ca\/"},{"@type":"ListItem","position":2,"name":"Semaine 1 &#8211; Rosalie"}]},{"@type":"WebSite","@id":"https:\/\/site15.arn1103.uqat.ca\/#website","url":"https:\/\/site15.arn1103.uqat.ca\/","name":"La technologie et la neurodiversit\u00e9","description":"","publisher":{"@id":"https:\/\/site15.arn1103.uqat.ca\/#organization"},"potentialAction":[{"@type":"SearchAction","target":{"@type":"EntryPoint","urlTemplate":"https:\/\/site15.arn1103.uqat.ca\/?s={search_term_string}"},"query-input":{"@type":"PropertyValueSpecification","valueRequired":true,"valueName":"search_term_string"}}],"inLanguage":"fr-CA"},{"@type":"Organization","@id":"https:\/\/site15.arn1103.uqat.ca\/#organization","name":"La technologie et la neurodiversit\u00e9","url":"https:\/\/site15.arn1103.uqat.ca\/","logo":{"@type":"ImageObject","inLanguage":"fr-CA","@id":"https:\/\/site15.arn1103.uqat.ca\/#\/schema\/logo\/image\/","url":"https:\/\/site15.arn1103.uqat.ca\/wp-content\/uploads\/2024\/01\/cropped-3.png","contentUrl":"https:\/\/site15.arn1103.uqat.ca\/wp-content\/uploads\/2024\/01\/cropped-3.png","width":1000,"height":1000,"caption":"La technologie et la neurodiversit\u00e9"},"image":{"@id":"https:\/\/site15.arn1103.uqat.ca\/#\/schema\/logo\/image\/"}},{"@type":"Person","@id":"https:\/\/site15.arn1103.uqat.ca\/#\/schema\/person\/80e2dfadab9958457760b0f4440ad684","name":"Rosalie Moreau","image":{"@type":"ImageObject","inLanguage":"fr-CA","@id":"https:\/\/secure.gravatar.com\/avatar\/67d413811c651e81389cc3848175f0850dbc471dd73515316e12151baeac01e0?s=96&d=mm&r=g","url":"https:\/\/secure.gravatar.com\/avatar\/67d413811c651e81389cc3848175f0850dbc471dd73515316e12151baeac01e0?s=96&d=mm&r=g","contentUrl":"https:\/\/secure.gravatar.com\/avatar\/67d413811c651e81389cc3848175f0850dbc471dd73515316e12151baeac01e0?s=96&d=mm&r=g","caption":"Rosalie Moreau"},"url":"https:\/\/site15.arn1103.uqat.ca\/index.php\/author\/rosalie-moreau\/"}]}},"uagb_featured_image_src":{"full":false,"thumbnail":false,"medium":false,"medium_large":false,"large":false,"1536x1536":false,"2048x2048":false},"uagb_author_info":{"display_name":"Rosalie Moreau","author_link":"https:\/\/site15.arn1103.uqat.ca\/index.php\/author\/rosalie-moreau\/"},"uagb_comment_info":0,"uagb_excerpt":"Les avantages des outils num\u00e9riques Les outils technologiques sont pour les personnes atteintes d\u2019un trouble du...","_links":{"self":[{"href":"https:\/\/site15.arn1103.uqat.ca\/index.php\/wp-json\/wp\/v2\/posts\/707","targetHints":{"allow":["GET"]}}],"collection":[{"href":"https:\/\/site15.arn1103.uqat.ca\/index.php\/wp-json\/wp\/v2\/posts"}],"about":[{"href":"https:\/\/site15.arn1103.uqat.ca\/index.php\/wp-json\/wp\/v2\/types\/post"}],"author":[{"embeddable":true,"href":"https:\/\/site15.arn1103.uqat.ca\/index.php\/wp-json\/wp\/v2\/users\/3"}],"replies":[{"embeddable":true,"href":"https:\/\/site15.arn1103.uqat.ca\/index.php\/wp-json\/wp\/v2\/comments?post=707"}],"version-history":[{"count":5,"href":"https:\/\/site15.arn1103.uqat.ca\/index.php\/wp-json\/wp\/v2\/posts\/707\/revisions"}],"predecessor-version":[{"id":751,"href":"https:\/\/site15.arn1103.uqat.ca\/index.php\/wp-json\/wp\/v2\/posts\/707\/revisions\/751"}],"wp:attachment":[{"href":"https:\/\/site15.arn1103.uqat.ca\/index.php\/wp-json\/wp\/v2\/media?parent=707"}],"wp:term":[{"taxonomy":"category","embeddable":true,"href":"https:\/\/site15.arn1103.uqat.ca\/index.php\/wp-json\/wp\/v2\/categories?post=707"},{"taxonomy":"post_tag","embeddable":true,"href":"https:\/\/site15.arn1103.uqat.ca\/index.php\/wp-json\/wp\/v2\/tags?post=707"}],"curies":[{"name":"wp","href":"https:\/\/api.w.org\/{rel}","templated":true}]}}